{"id":174,"date":"2020-08-25T13:40:57","date_gmt":"2020-08-25T11:40:57","guid":{"rendered":"https:\/\/www.amigo.wroc.pl\/?p=174"},"modified":"2020-08-25T13:40:57","modified_gmt":"2020-08-25T11:40:57","slug":"rok-2020-info-oraz-mini-galeria-z-bieszczad","status":"publish","type":"post","link":"https:\/\/www.amigo.wroc.pl\/index.php\/2020\/08\/25\/rok-2020-info-oraz-mini-galeria-z-bieszczad\/","title":{"rendered":"Rok 2020 &#8211; info oraz mini galeria z Bieszczad"},"content":{"rendered":"<p>Rok 2020 ze wzgl\u0119du na pandemi\u0119 koronawirusa jest rokiem trudnym dla spo\u0142ecze\u0144stwa oraz firm. Nasza rodzinna firma AMIGO, si\u0119gaj\u0105ca tradycj\u0105 do roku 1997, jest wci\u0105\u017c czynnym podmiotem gospodarczym. W chwili obecnej wci\u0105\u017c jeste\u015bmy cz\u0142onkiem Dolno\u015bl\u0105skiej Izby Turystycznej oraz Izby Turystyki RP i dzia\u0142amy normalnie.<\/p>\n<p><strong>W zale\u017cno\u015bci od rozwoju sytuacji zwi\u0105zanej z pandemi\u0105 b\u0119dziemy na sezon 2021 przygotowywa\u0107 adekwatn\u0105 ofert\u0119 zar\u00f3wno turystyczn\u0105 jak i edukacyjn\u0105. Pozostajemy do Pa\u0144stwa dyspozycji &#8211; gotowi do wsp\u00f3\u0142pracy!<\/strong><\/p>\n<p>Poni\u017cej przedstawiamy tegoroczne widoki z Bieszczad.<\/p>\n<figure id=\"attachment_175\" aria-describedby=\"caption-attachment-175\" style=\"width: 525px\" class=\"wp-caption alignnone\"><img loading=\"lazy\" class=\"size-large wp-image-175\" src=\"https:\/\/www.amigo.wroc.pl\/wp-content\/uploads\/2020\/08\/2020-07-22-01-Bieszczady-060-1024x768.jpg\" alt=\"\" width=\"525\" height=\"394\" srcset=\"https:\/\/www.amigo.wroc.pl\/wp-content\/uploads\/2020\/08\/2020-07-22-01-Bieszczady-060-1024x768.jpg 1024w, https:\/\/www.amigo.wroc.pl\/wp-content\/uploads\/2020\/08\/2020-07-22-01-Bieszczady-060-300x225.jpg 300w, https:\/\/www.amigo.wroc.pl\/wp-content\/uploads\/2020\/08\/2020-07-22-01-Bieszczady-060-768x576.jpg 768w\" sizes=\"(max-width: 525px) 100vw, 525px\" \/><figcaption id=\"caption-attachment-175\" class=\"wp-caption-text\">Bieszczady &#8211; podej\u015bcie pod Osadzki Wierch (lipiec 2020)<\/figcaption><\/figure>\n<figure id=\"attachment_176\" aria-describedby=\"caption-attachment-176\" style=\"width: 525px\" class=\"wp-caption alignnone\"><img loading=\"lazy\" class=\"size-large wp-image-176\" src=\"https:\/\/www.amigo.wroc.pl\/wp-content\/uploads\/2020\/08\/2020-07-22-01-Bieszczady-101-768x1024.jpg\" alt=\"\" width=\"525\" height=\"700\" srcset=\"https:\/\/www.amigo.wroc.pl\/wp-content\/uploads\/2020\/08\/2020-07-22-01-Bieszczady-101-768x1024.jpg 768w, https:\/\/www.amigo.wroc.pl\/wp-content\/uploads\/2020\/08\/2020-07-22-01-Bieszczady-101-225x300.jpg 225w\" sizes=\"(max-width: 525px) 100vw, 525px\" \/><figcaption id=\"caption-attachment-176\" class=\"wp-caption-text\">Bieszczady &#8211; nieopodal Osadzkiego Wierchu (lipiec 2020)<\/figcaption><\/figure>\n<figure id=\"attachment_177\" aria-describedby=\"caption-attachment-177\" style=\"width: 525px\" class=\"wp-caption alignnone\"><img loading=\"lazy\" class=\"size-large wp-image-177\" src=\"https:\/\/www.amigo.wroc.pl\/wp-content\/uploads\/2020\/08\/2020-07-22-01-Bieszczady-106-1024x768.jpg\" alt=\"\" width=\"525\" height=\"394\" srcset=\"https:\/\/www.amigo.wroc.pl\/wp-content\/uploads\/2020\/08\/2020-07-22-01-Bieszczady-106-1024x768.jpg 1024w, https:\/\/www.amigo.wroc.pl\/wp-content\/uploads\/2020\/08\/2020-07-22-01-Bieszczady-106-300x225.jpg 300w, https:\/\/www.amigo.wroc.pl\/wp-content\/uploads\/2020\/08\/2020-07-22-01-Bieszczady-106-768x576.jpg 768w\" sizes=\"(max-width: 525px) 100vw, 525px\" \/><figcaption id=\"caption-attachment-177\" class=\"wp-caption-text\">Bieszczady &#8211; widok na Po\u0142onin\u0119 Wetli\u0144sk\u0105 z Osadzkiego Wierchu (lipiec 2020)<\/figcaption><\/figure>\n<figure id=\"attachment_178\" aria-describedby=\"caption-attachment-178\" style=\"width: 525px\" class=\"wp-caption alignnone\"><img loading=\"lazy\" class=\"size-large wp-image-178\" src=\"https:\/\/www.amigo.wroc.pl\/wp-content\/uploads\/2020\/08\/2020-07-22-01-Bieszczady-140-1024x768.jpg\" alt=\"\" width=\"525\" height=\"394\" srcset=\"https:\/\/www.amigo.wroc.pl\/wp-content\/uploads\/2020\/08\/2020-07-22-01-Bieszczady-140-1024x768.jpg 1024w, https:\/\/www.amigo.wroc.pl\/wp-content\/uploads\/2020\/08\/2020-07-22-01-Bieszczady-140-300x225.jpg 300w, https:\/\/www.amigo.wroc.pl\/wp-content\/uploads\/2020\/08\/2020-07-22-01-Bieszczady-140-768x576.jpg 768w\" sizes=\"(max-width: 525px) 100vw, 525px\" \/><figcaption id=\"caption-attachment-178\" class=\"wp-caption-text\">Bieszczady &#8211; widok z Osadzkiego Wierchu (lipiec 2020)<\/figcaption><\/figure>\n<figure id=\"attachment_179\" aria-describedby=\"caption-attachment-179\" style=\"width: 525px\" class=\"wp-caption alignnone\"><img loading=\"lazy\" class=\"size-large wp-image-179\" src=\"https:\/\/www.amigo.wroc.pl\/wp-content\/uploads\/2020\/08\/2020-07-22-01-Bieszczady-177-1024x768.jpg\" alt=\"\" width=\"525\" height=\"394\" srcset=\"https:\/\/www.amigo.wroc.pl\/wp-content\/uploads\/2020\/08\/2020-07-22-01-Bieszczady-177-1024x768.jpg 1024w, https:\/\/www.amigo.wroc.pl\/wp-content\/uploads\/2020\/08\/2020-07-22-01-Bieszczady-177-300x225.jpg 300w, https:\/\/www.amigo.wroc.pl\/wp-content\/uploads\/2020\/08\/2020-07-22-01-Bieszczady-177-768x576.jpg 768w\" sizes=\"(max-width: 525px) 100vw, 525px\" \/><figcaption id=\"caption-attachment-179\" class=\"wp-caption-text\">Bieszczady &#8211; Po\u0142onina Wetli\u0144ska i widok na pozosta\u0142o\u015bci &#8222;Chatki Puchatka&#8221; (lipiec 2020)<\/figcaption><\/figure>\n<figure id=\"attachment_180\" aria-describedby=\"caption-attachment-180\" style=\"width: 525px\" class=\"wp-caption alignnone\"><img loading=\"lazy\" class=\"size-large wp-image-180\" src=\"https:\/\/www.amigo.wroc.pl\/wp-content\/uploads\/2020\/08\/2020-07-22-01-Bieszczady-197-1024x768.jpg\" alt=\"\" width=\"525\" height=\"394\" srcset=\"https:\/\/www.amigo.wroc.pl\/wp-content\/uploads\/2020\/08\/2020-07-22-01-Bieszczady-197-1024x768.jpg 1024w, https:\/\/www.amigo.wroc.pl\/wp-content\/uploads\/2020\/08\/2020-07-22-01-Bieszczady-197-300x225.jpg 300w, https:\/\/www.amigo.wroc.pl\/wp-content\/uploads\/2020\/08\/2020-07-22-01-Bieszczady-197-768x576.jpg 768w\" sizes=\"(max-width: 525px) 100vw, 525px\" \/><figcaption id=\"caption-attachment-180\" class=\"wp-caption-text\">Bieszczady &#8211; widok z Po\u0142oniny Wetli\u0144skiej (lipiec 2020)<\/figcaption><\/figure>\n<p>&nbsp;<\/p>\n","protected":false},"excerpt":{"rendered":"<p>Rok 2020 ze wzgl\u0119du na pandemi\u0119 koronawirusa jest rokiem trudnym dla spo\u0142ecze\u0144stwa oraz firm. Nasza rodzinna firma AMIGO, si\u0119gaj\u0105ca tradycj\u0105 do roku 1997, jest wci\u0105\u017c czynnym podmiotem gospodarczym. W chwili obecnej wci\u0105\u017c jeste\u015bmy cz\u0142onkiem Dolno\u015bl\u0105skiej Izby Turystycznej oraz Izby Turystyki RP i dzia\u0142amy normalnie. W zale\u017cno\u015bci od rozwoju sytuacji zwi\u0105zanej z pandemi\u0105 b\u0119dziemy na sezon &hellip; <\/p>\n<p class=\"link-more\"><a href=\"https:\/\/www.amigo.wroc.pl\/index.php\/2020\/08\/25\/rok-2020-info-oraz-mini-galeria-z-bieszczad\/\" class=\"more-link\">Czytaj dalej<span class=\"screen-reader-text\"> Rok 2020 &#8211; info oraz mini galeria z Bieszczad<\/span><\/a><\/p>\n","protected":false},"author":1,"featured_media":0,"comment_status":"open","ping_status":"open","sticky":false,"template":"","format":"standard","meta":[],"categories":[1],"tags":[],"_links":{"self":[{"href":"https:\/\/www.amigo.wroc.pl\/index.php\/wp-json\/wp\/v2\/posts\/174"}],"collection":[{"href":"https:\/\/www.amigo.wroc.pl\/index.php\/wp-json\/wp\/v2\/posts"}],"about":[{"href":"https:\/\/www.amigo.wroc.pl\/index.php\/wp-json\/wp\/v2\/types\/post"}],"author":[{"embeddable":true,"href":"https:\/\/www.amigo.wroc.pl\/index.php\/wp-json\/wp\/v2\/users\/1"}],"replies":[{"embeddable":true,"href":"https:\/\/www.amigo.wroc.pl\/index.php\/wp-json\/wp\/v2\/comments?post=174"}],"version-history":[{"count":1,"href":"https:\/\/www.amigo.wroc.pl\/index.php\/wp-json\/wp\/v2\/posts\/174\/revisions"}],"predecessor-version":[{"id":181,"href":"https:\/\/www.amigo.wroc.pl\/index.php\/wp-json\/wp\/v2\/posts\/174\/revisions\/181"}],"wp:attachment":[{"href":"https:\/\/www.amigo.wroc.pl\/index.php\/wp-json\/wp\/v2\/media?parent=174"}],"wp:term":[{"taxonomy":"category","embeddable":true,"href":"https:\/\/www.amigo.wroc.pl\/index.php\/wp-json\/wp\/v2\/categories?post=174"},{"taxonomy":"post_tag","embeddable":true,"href":"https:\/\/www.amigo.wroc.pl\/index.php\/wp-json\/wp\/v2\/tags?post=174"}],"curies":[{"name":"wp","href":"https:\/\/api.w.org\/{rel}","templated":true}]}}