{"id":170,"date":"2019-03-04T14:14:10","date_gmt":"2019-03-04T13:14:10","guid":{"rendered":"https:\/\/www.amigo.wroc.pl\/?p=170"},"modified":"2019-03-04T14:14:10","modified_gmt":"2019-03-04T13:14:10","slug":"wycieczka-do-pragi-z-wroclawia-w-2019-roku","status":"publish","type":"post","link":"https:\/\/www.amigo.wroc.pl\/index.php\/2019\/03\/04\/wycieczka-do-pragi-z-wroclawia-w-2019-roku\/","title":{"rendered":"Wycieczka do Pragi z Wroc\u0142awia w 2019 roku"},"content":{"rendered":"<p>Podali\u015bmy nowy cennik za dwudniow\u0105 wycieczk\u0119 do czeskiej Pragi, kt\u00f3ra jest niezwykle ciekawym miejscem do zwiedzania. Podr\u00f3\u017c autokarem z Wroc\u0142awia trwa oko\u0142o 5 godzin.\u00a0 Tury\u015bci z naszej oferty cz\u0119sto wybieraj\u0105 wycieczk\u0119 dwudniow\u0105, kt\u00f3rej<strong> cena w 2019 roku wynosi w wi\u0119kszo\u015bci termin\u00f3w 285 z\u0142 od osoby.<\/strong> Wyjazdy te od wielu lat ciesz\u0105 si\u0119 du\u017c\u0105 popularno\u015bci\u0105.<\/p>\n<p>Szczeg\u00f3\u0142y dotycz\u0105ce tego wyjazdu znajduj\u0105 si\u0119<strong> <a href=\"https:\/\/www.amigo.wroc.pl\/index.php\/turystyka\/praga-czechy-wycieczka-dwudniowa\/\">pod osobnym linkiem<\/a>.<\/strong> Zapraszamy Pa\u0144stwa do zapoznania si\u0119 z <span style=\"display: inline !important; float: none; background-color: transparent; color: #333333; cursor: text; font-family: 'Libre Franklin','Helvetica Neue',helvetica,arial,sans-serif; font-size: 16px; font-style: normal; font-variant: normal; font-weight: 400; letter-spacing: normal; orphans: 2; text-align: left; text-decoration: none; text-indent: 0px; text-transform: none; -webkit-text-stroke-width: 0px; white-space: normal; word-spacing: 0px;\">podanymi <\/span>tam szczeg\u00f3\u0142ami.<\/p>\n<figure id=\"attachment_78\" aria-describedby=\"caption-attachment-78\" style=\"width: 525px\" class=\"wp-caption alignnone\"><img loading=\"lazy\" class=\"size-large wp-image-78\" src=\"https:\/\/www.amigo.wroc.pl\/wp-content\/uploads\/2018\/04\/2009-08-09-CZ-Praga-371-1024x768.jpg\" alt=\"\" width=\"525\" height=\"394\" srcset=\"https:\/\/www.amigo.wroc.pl\/wp-content\/uploads\/2018\/04\/2009-08-09-CZ-Praga-371-1024x768.jpg 1024w, https:\/\/www.amigo.wroc.pl\/wp-content\/uploads\/2018\/04\/2009-08-09-CZ-Praga-371-300x225.jpg 300w, https:\/\/www.amigo.wroc.pl\/wp-content\/uploads\/2018\/04\/2009-08-09-CZ-Praga-371-768x576.jpg 768w, https:\/\/www.amigo.wroc.pl\/wp-content\/uploads\/2018\/04\/2009-08-09-CZ-Praga-371.jpg 2048w\" sizes=\"(max-width: 525px) 100vw, 525px\" \/><figcaption id=\"caption-attachment-78\" class=\"wp-caption-text\">Skoda na praskiej uliczce<\/figcaption><\/figure>\n","protected":false},"excerpt":{"rendered":"<p>Podali\u015bmy nowy cennik za dwudniow\u0105 wycieczk\u0119 do czeskiej Pragi, kt\u00f3ra jest niezwykle ciekawym miejscem do zwiedzania. Podr\u00f3\u017c autokarem z Wroc\u0142awia trwa oko\u0142o 5 godzin.\u00a0 Tury\u015bci z naszej oferty cz\u0119sto wybieraj\u0105 wycieczk\u0119 dwudniow\u0105, kt\u00f3rej cena w 2019 roku wynosi w wi\u0119kszo\u015bci termin\u00f3w 285 z\u0142 od osoby. Wyjazdy te od wielu lat ciesz\u0105 si\u0119 du\u017c\u0105 popularno\u015bci\u0105. Szczeg\u00f3\u0142y &hellip; <\/p>\n<p class=\"link-more\"><a href=\"https:\/\/www.amigo.wroc.pl\/index.php\/2019\/03\/04\/wycieczka-do-pragi-z-wroclawia-w-2019-roku\/\" class=\"more-link\">Czytaj dalej<span class=\"screen-reader-text\"> Wycieczka do Pragi z Wroc\u0142awia w 2019 roku<\/span><\/a><\/p>\n","protected":false},"author":1,"featured_media":0,"comment_status":"open","ping_status":"open","sticky":false,"template":"","format":"standard","meta":[],"categories":[1],"tags":[],"_links":{"self":[{"href":"https:\/\/www.amigo.wroc.pl\/index.php\/wp-json\/wp\/v2\/posts\/170"}],"collection":[{"href":"https:\/\/www.amigo.wroc.pl\/index.php\/wp-json\/wp\/v2\/posts"}],"about":[{"href":"https:\/\/www.amigo.wroc.pl\/index.php\/wp-json\/wp\/v2\/types\/post"}],"author":[{"embeddable":true,"href":"https:\/\/www.amigo.wroc.pl\/index.php\/wp-json\/wp\/v2\/users\/1"}],"replies":[{"embeddable":true,"href":"https:\/\/www.amigo.wroc.pl\/index.php\/wp-json\/wp\/v2\/comments?post=170"}],"version-history":[{"count":1,"href":"https:\/\/www.amigo.wroc.pl\/index.php\/wp-json\/wp\/v2\/posts\/170\/revisions"}],"predecessor-version":[{"id":171,"href":"https:\/\/www.amigo.wroc.pl\/index.php\/wp-json\/wp\/v2\/posts\/170\/revisions\/171"}],"wp:attachment":[{"href":"https:\/\/www.amigo.wroc.pl\/index.php\/wp-json\/wp\/v2\/media?parent=170"}],"wp:term":[{"taxonomy":"category","embeddable":true,"href":"https:\/\/www.amigo.wroc.pl\/index.php\/wp-json\/wp\/v2\/categories?post=170"},{"taxonomy":"post_tag","embeddable":true,"href":"https:\/\/www.amigo.wroc.pl\/index.php\/wp-json\/wp\/v2\/tags?post=170"}],"curies":[{"name":"wp","href":"https:\/\/api.w.org\/{rel}","templated":true}]}}