{"id":107,"date":"2018-04-17T19:20:39","date_gmt":"2018-04-17T17:20:39","guid":{"rendered":"https:\/\/www.amigo.wroc.pl\/?p=107"},"modified":"2018-04-17T19:20:39","modified_gmt":"2018-04-17T17:20:39","slug":"wycieczka-dwudniowa-do-pragi","status":"publish","type":"post","link":"https:\/\/www.amigo.wroc.pl\/index.php\/2018\/04\/17\/wycieczka-dwudniowa-do-pragi\/","title":{"rendered":"Wycieczka dwudniowa do Pragi"},"content":{"rendered":"<p>Czeska Praga jest niezwykle ciekawym miejscem do zwiedzania. Podr\u00f3\u017c autokarem z Wroc\u0142awia trwa oko\u0142o 5 godzin.\u00a0 Tury\u015bci z naszej oferty cz\u0119sto wybieraj\u0105 wycieczk\u0119 dwudniow\u0105, kt\u00f3rej cena w 2018 roku wynosi w wi\u0119kszo\u015bci termin\u00f3w 265 z\u0142 od osoby. Wyjazdy te od wielu lat ciesz\u0105 si\u0119 du\u017c\u0105 popularno\u015bci\u0105.<\/p>\n<figure id=\"attachment_108\" aria-describedby=\"caption-attachment-108\" style=\"width: 525px\" class=\"wp-caption alignnone\"><img loading=\"lazy\" class=\"size-large wp-image-108\" src=\"https:\/\/www.amigo.wroc.pl\/wp-content\/uploads\/2018\/04\/2009-08-09-CZ-Praga-114-1024x768.jpg\" alt=\"\" width=\"525\" height=\"394\" srcset=\"https:\/\/www.amigo.wroc.pl\/wp-content\/uploads\/2018\/04\/2009-08-09-CZ-Praga-114-1024x768.jpg 1024w, https:\/\/www.amigo.wroc.pl\/wp-content\/uploads\/2018\/04\/2009-08-09-CZ-Praga-114-300x225.jpg 300w, https:\/\/www.amigo.wroc.pl\/wp-content\/uploads\/2018\/04\/2009-08-09-CZ-Praga-114-768x576.jpg 768w, https:\/\/www.amigo.wroc.pl\/wp-content\/uploads\/2018\/04\/2009-08-09-CZ-Praga-114.jpg 2048w\" sizes=\"(max-width: 525px) 100vw, 525px\" \/><figcaption id=\"caption-attachment-108\" class=\"wp-caption-text\">Praski Rynek Staromiejski<\/figcaption><\/figure>\n<p>Szczeg\u00f3\u0142y dotycz\u0105ce tego wyjazdu znajduj\u0105 si\u0119<strong> <a href=\"https:\/\/www.amigo.wroc.pl\/index.php\/turystyka\/praga-czechy-wycieczka-dwudniowa\/\">pod osobnym linkiem<\/a>.<\/strong> Zapraszamy Pa\u0144stwa do zapoznania si\u0119 z tam podanymi szczeg\u00f3\u0142ami.<\/p>\n","protected":false},"excerpt":{"rendered":"<p>Czeska Praga jest niezwykle ciekawym miejscem do zwiedzania. Podr\u00f3\u017c autokarem z Wroc\u0142awia trwa oko\u0142o 5 godzin.\u00a0 Tury\u015bci z naszej oferty cz\u0119sto wybieraj\u0105 wycieczk\u0119 dwudniow\u0105, kt\u00f3rej cena w 2018 roku wynosi w wi\u0119kszo\u015bci termin\u00f3w 265 z\u0142 od osoby. Wyjazdy te od wielu lat ciesz\u0105 si\u0119 du\u017c\u0105 popularno\u015bci\u0105. Szczeg\u00f3\u0142y dotycz\u0105ce tego wyjazdu znajduj\u0105 si\u0119 pod osobnym linkiem. &hellip; <\/p>\n<p class=\"link-more\"><a href=\"https:\/\/www.amigo.wroc.pl\/index.php\/2018\/04\/17\/wycieczka-dwudniowa-do-pragi\/\" class=\"more-link\">Czytaj dalej<span class=\"screen-reader-text\"> Wycieczka dwudniowa do Pragi<\/span><\/a><\/p>\n","protected":false},"author":1,"featured_media":0,"comment_status":"open","ping_status":"open","sticky":false,"template":"","format":"standard","meta":[],"categories":[1],"tags":[],"_links":{"self":[{"href":"https:\/\/www.amigo.wroc.pl\/index.php\/wp-json\/wp\/v2\/posts\/107"}],"collection":[{"href":"https:\/\/www.amigo.wroc.pl\/index.php\/wp-json\/wp\/v2\/posts"}],"about":[{"href":"https:\/\/www.amigo.wroc.pl\/index.php\/wp-json\/wp\/v2\/types\/post"}],"author":[{"embeddable":true,"href":"https:\/\/www.amigo.wroc.pl\/index.php\/wp-json\/wp\/v2\/users\/1"}],"replies":[{"embeddable":true,"href":"https:\/\/www.amigo.wroc.pl\/index.php\/wp-json\/wp\/v2\/comments?post=107"}],"version-history":[{"count":1,"href":"https:\/\/www.amigo.wroc.pl\/index.php\/wp-json\/wp\/v2\/posts\/107\/revisions"}],"predecessor-version":[{"id":109,"href":"https:\/\/www.amigo.wroc.pl\/index.php\/wp-json\/wp\/v2\/posts\/107\/revisions\/109"}],"wp:attachment":[{"href":"https:\/\/www.amigo.wroc.pl\/index.php\/wp-json\/wp\/v2\/media?parent=107"}],"wp:term":[{"taxonomy":"category","embeddable":true,"href":"https:\/\/www.amigo.wroc.pl\/index.php\/wp-json\/wp\/v2\/categories?post=107"},{"taxonomy":"post_tag","embeddable":true,"href":"https:\/\/www.amigo.wroc.pl\/index.php\/wp-json\/wp\/v2\/tags?post=107"}],"curies":[{"name":"wp","href":"https:\/\/api.w.org\/{rel}","templated":true}]}}